{"id":221,"date":"2020-10-29T16:37:17","date_gmt":"2020-10-29T16:37:17","guid":{"rendered":"https:\/\/dev.auxiliavalencia.es\/?p=221"},"modified":"2022-11-24T11:50:09","modified_gmt":"2022-11-24T11:50:09","slug":"realidad-afectivo-sexual-de-las-personas-con-diversidad-funcional","status":"publish","type":"post","link":"https:\/\/auxiliavalencia.es\/va\/realidad-afectivo-sexual-de-las-personas-con-diversidad-funcional","title":{"rendered":"Realitat afectiu sexual de les persones amb diversitat funcional"},"content":{"rendered":"<div data-elementor-type=\"wp-post\" data-elementor-id=\"221\" class=\"elementor elementor-221\" data-elementor-post-type=\"post\">\n\t\t\t\t\t\t<section class=\"elementor-section elementor-top-section elementor-element elementor-element-51a5909f elementor-section-boxed elementor-section-height-default elementor-section-height-default\" data-id=\"51a5909f\" data-element_type=\"section\" data-settings=\"{&quot;background_background&quot;:&quot;classic&quot;}\">\n\t\t\t\t\t\t<div class=\"elementor-container elementor-column-gap-default\">\n\t\t\t\t\t<div class=\"elementor-column elementor-col-100 elementor-top-column elementor-element elementor-element-7cf6441f\" data-id=\"7cf6441f\" data-element_type=\"column\">\n\t\t\t<div class=\"elementor-widget-wrap elementor-element-populated\">\n\t\t\t\t\t\t<section class=\"elementor-section elementor-inner-section elementor-element elementor-element-31762747 elementor-section-boxed elementor-section-height-default elementor-section-height-default\" data-id=\"31762747\" data-element_type=\"section\">\n\t\t\t\t\t\t<div class=\"elementor-container elementor-column-gap-default\">\n\t\t\t\t\t<div class=\"elementor-column elementor-col-33 elementor-inner-column elementor-element elementor-element-220dba8c\" data-id=\"220dba8c\" data-element_type=\"column\">\n\t\t\t<div class=\"elementor-widget-wrap\">\n\t\t\t\t\t\t\t<\/div>\n\t\t<\/div>\n\t\t\t\t<div class=\"elementor-column elementor-col-33 elementor-inner-column elementor-element elementor-element-701a097e\" data-id=\"701a097e\" data-element_type=\"column\">\n\t\t\t<div class=\"elementor-widget-wrap elementor-element-populated\">\n\t\t\t\t\t\t<div class=\"elementor-element elementor-element-23553589 elementor-widget elementor-widget-text-editor\" data-id=\"23553589\" data-element_type=\"widget\" data-widget_type=\"text-editor.default\">\n\t\t\t\t<div class=\"elementor-widget-container\">\n\t\t\t\t\t\t\t\t\t<p class=\"translation-block\">Realitat afectiu sexual de les persones amb diversitat funcional<\/p>\t\t\t\t\t\t\t\t<\/div>\n\t\t\t\t<\/div>\n\t\t\t\t\t<\/div>\n\t\t<\/div>\n\t\t\t\t<div class=\"elementor-column elementor-col-33 elementor-inner-column elementor-element elementor-element-7093fac1\" data-id=\"7093fac1\" data-element_type=\"column\">\n\t\t\t<div class=\"elementor-widget-wrap\">\n\t\t\t\t\t\t\t<\/div>\n\t\t<\/div>\n\t\t\t\t\t<\/div>\n\t\t<\/section>\n\t\t\t\t<section class=\"elementor-section elementor-inner-section elementor-element elementor-element-2c99b634 elementor-section-boxed elementor-section-height-default elementor-section-height-default\" data-id=\"2c99b634\" data-element_type=\"section\">\n\t\t\t\t\t\t<div class=\"elementor-container elementor-column-gap-default\">\n\t\t\t\t\t<div class=\"elementor-column elementor-col-33 elementor-inner-column elementor-element elementor-element-4db87cbc\" data-id=\"4db87cbc\" data-element_type=\"column\">\n\t\t\t<div class=\"elementor-widget-wrap\">\n\t\t\t\t\t\t\t<\/div>\n\t\t<\/div>\n\t\t\t\t<div class=\"elementor-column elementor-col-33 elementor-inner-column elementor-element elementor-element-2002a077\" data-id=\"2002a077\" data-element_type=\"column\">\n\t\t\t<div class=\"elementor-widget-wrap elementor-element-populated\">\n\t\t\t\t\t\t<div class=\"elementor-element elementor-element-62bd5be8 elementor-widget elementor-widget-text-editor\" data-id=\"62bd5be8\" data-element_type=\"widget\" data-widget_type=\"text-editor.default\">\n\t\t\t\t<div class=\"elementor-widget-container\">\n\t\t\t\t\t\t\t\t\t<p><a href=\"https:\/\/auxiliavalencia.es\/va\/\">Auxilia Valencia<\/a> \/\u00a0<a href=\"https:\/\/auxiliavalencia.es\/va\/foros\/\">F\u00f2rums<\/a><\/p>\t\t\t\t\t\t\t\t<\/div>\n\t\t\t\t<\/div>\n\t\t\t\t\t<\/div>\n\t\t<\/div>\n\t\t\t\t<div class=\"elementor-column elementor-col-33 elementor-inner-column elementor-element elementor-element-6eee15c7\" data-id=\"6eee15c7\" data-element_type=\"column\">\n\t\t\t<div class=\"elementor-widget-wrap\">\n\t\t\t\t\t\t\t<\/div>\n\t\t<\/div>\n\t\t\t\t\t<\/div>\n\t\t<\/section>\n\t\t\t\t\t<\/div>\n\t\t<\/div>\n\t\t\t\t\t<\/div>\n\t\t<\/section>\n\t\t\t\t<section class=\"elementor-section elementor-top-section elementor-element elementor-element-e29e709 elementor-section-boxed elementor-section-height-default elementor-section-height-default\" data-id=\"e29e709\" data-element_type=\"section\">\n\t\t\t\t\t\t<div class=\"elementor-container elementor-column-gap-default\">\n\t\t\t\t\t<div class=\"elementor-column elementor-col-50 elementor-top-column elementor-element elementor-element-b97c849\" data-id=\"b97c849\" data-element_type=\"column\">\n\t\t\t<div class=\"elementor-widget-wrap elementor-element-populated\">\n\t\t\t\t\t\t<div class=\"elementor-element elementor-element-a0ecc6e elementor-widget elementor-widget-text-editor\" data-id=\"a0ecc6e\" data-element_type=\"widget\" data-widget_type=\"text-editor.default\">\n\t\t\t\t<div class=\"elementor-widget-container\">\n\t\t\t\t\t\t\t\t\t<p><strong>Abra\u00e7ades, besos, frec de pell amb pell, afecte, tendresa, amor, plaer, sexe... Qui no desitja viure totes aquestes experi\u00e8ncies?<\/strong><\/p>\t\t\t\t\t\t\t\t<\/div>\n\t\t\t\t<\/div>\n\t\t\t\t<div class=\"elementor-element elementor-element-f0f69f7 elementor-widget elementor-widget-text-editor\" data-id=\"f0f69f7\" data-element_type=\"widget\" data-widget_type=\"text-editor.default\">\n\t\t\t\t<div class=\"elementor-widget-container\">\n\t\t\t\t\t\t\t\t\t<p>\u00a0<\/p>\n<p>Durant anys les persones amb diversitat funcional no han tingut veu ni vot en un tema tan important com aquest. Per\u00f2 hui dia la societat est\u00e0 canviant i comencem a sentir\nparlar de recursos com l'acompanyament \u00edntim i er\u00f2tic (assist\u00e8ncia sexual) i la figura d'acompanyant sexual.<\/p>\n<p>Sobre aix\u00f2 i altres coses t\u00e9 molt a dir l'Associaci\u00f3 Sexualitat Funcional, dedicada a afavorir el desenvolupament sexual de totes les persones, la qual est\u00e0 col\u00b7laborant amb *AUXILIA en el programa de formaci\u00f3.<\/p>\t\t\t\t\t\t\t\t<\/div>\n\t\t\t\t<\/div>\n\t\t\t\t\t<\/div>\n\t\t<\/div>\n\t\t\t\t<div class=\"elementor-column elementor-col-50 elementor-top-column elementor-element elementor-element-657f8b4\" data-id=\"657f8b4\" data-element_type=\"column\">\n\t\t\t<div class=\"elementor-widget-wrap elementor-element-populated\">\n\t\t\t\t\t\t<div class=\"elementor-element elementor-element-a86478f elementor-widget elementor-widget-text-editor\" data-id=\"a86478f\" data-element_type=\"widget\" data-widget_type=\"text-editor.default\">\n\t\t\t\t<div class=\"elementor-widget-container\">\n\t\t\t\t\t\t\t\t\t<p>\u00ab<em>\u00ab\u00c9s moment que les persones amb diversitat funcional aporten les seues realitats i les seues fantasies en la nostra cultura sexual. La seua aportaci\u00f3 pot enriquir enormement l'imaginari col\u00b7lectiu, on persones amb diversitat funcional comparteixen les seues pr\u00f2pies inquietuds, experi\u00e8ncies i fantasies, podent inspirar tant les persones amb diversitat funcional que es veuen excloses sexualment com per a la resta de la societat que les sol considerar asexuades.<\/em><\/p>\n<p><em>L'assist\u00e8ncia sexual \u00e9s un recurs v\u00e0lid per a moltes persones que viuen aquesta\nexclusi\u00f3, per\u00f2 no \u00e9s la panacea, ni tan sols es proposa com a substitutiu d'una vida sexual sana de totes les persones amb diversitat funcional. Les persones amb diversitat funcional s\u00f3n tan aptes per al contacte \u00edntim i er\u00f2tic com qualsevol persona per m\u00e9s normativa que siga. El seu testimoniatge, molt poc visibilitzat, \u00e9s necessari per a tota la societat. Ara \u00e9s el moment i aquest \u00e9s el lloc.\u00ab<\/em>\u00ab<\/p>\t\t\t\t\t\t\t\t<\/div>\n\t\t\t\t<\/div>\n\t\t\t\t\t<\/div>\n\t\t<\/div>\n\t\t\t\t\t<\/div>\n\t\t<\/section>\n\t\t\t\t<section class=\"elementor-section elementor-top-section elementor-element elementor-element-2fbcce17 elementor-section-boxed elementor-section-height-default elementor-section-height-default\" data-id=\"2fbcce17\" data-element_type=\"section\">\n\t\t\t\t\t\t<div class=\"elementor-container elementor-column-gap-default\">\n\t\t\t\t\t<div class=\"elementor-column elementor-col-100 elementor-top-column elementor-element elementor-element-e95986b\" data-id=\"e95986b\" data-element_type=\"column\">\n\t\t\t<div class=\"elementor-widget-wrap elementor-element-populated\">\n\t\t\t\t\t\t<div class=\"elementor-element elementor-element-60a24f38 elementor-widget elementor-widget-text-editor\" data-id=\"60a24f38\" data-element_type=\"widget\" data-widget_type=\"text-editor.default\">\n\t\t\t\t<div class=\"elementor-widget-container\">\n\t\t\t\t\t\t\t\t\t<p><\/p>\n<p><\/p>\n<p>Han colaborado en este texto: <br>Paula Montiano (Voluntaria de AUXILIA) | Charo Ricart y Dimitri Zorzos (profesionales en la Asociaci\u00f3n Sexualidad Funcional)<\/p>\n<p><\/p>\t\t\t\t\t\t\t\t<\/div>\n\t\t\t\t<\/div>\n\t\t\t\t\t<\/div>\n\t\t<\/div>\n\t\t\t\t\t<\/div>\n\t\t<\/section>\n\t\t\t\t<section class=\"elementor-section elementor-top-section elementor-element elementor-element-3c103478 elementor-section-boxed elementor-section-height-default elementor-section-height-default\" data-id=\"3c103478\" data-element_type=\"section\" data-settings=\"{&quot;background_background&quot;:&quot;classic&quot;}\">\n\t\t\t\t\t\t<div class=\"elementor-container elementor-column-gap-default\">\n\t\t\t\t\t<div class=\"elementor-column elementor-col-100 elementor-top-column elementor-element elementor-element-ad16b35\" data-id=\"ad16b35\" data-element_type=\"column\">\n\t\t\t<div class=\"elementor-widget-wrap elementor-element-populated\">\n\t\t\t\t\t\t<section class=\"elementor-section elementor-inner-section elementor-element elementor-element-2d7f9eb3 elementor-section-boxed elementor-section-height-default elementor-section-height-default\" data-id=\"2d7f9eb3\" data-element_type=\"section\">\n\t\t\t\t\t\t<div class=\"elementor-container elementor-column-gap-default\">\n\t\t\t\t\t<div class=\"elementor-column elementor-col-33 elementor-inner-column elementor-element elementor-element-91acb21\" data-id=\"91acb21\" data-element_type=\"column\">\n\t\t\t<div class=\"elementor-widget-wrap elementor-element-populated\">\n\t\t\t\t\t\t<div class=\"elementor-element elementor-element-1defcaed elementor-widget elementor-widget-text-editor\" data-id=\"1defcaed\" data-element_type=\"widget\" data-widget_type=\"text-editor.default\">\n\t\t\t\t<div class=\"elementor-widget-container\">\n\t\t\t\t\t\t\t\t\t<p><span style=\"font-family: Poppins; font-size: 16px; font-style: normal; font-variant-ligatures: normal; font-variant-caps: normal; font-weight: bold; background-color: var( --e-global-color-vamtam_accent_1 ); letter-spacing: var(--vamtam-primary-font-letter-spacing-desktop,normal); text-transform: var(--vamtam-primary-font-transform,none);\">Termes i condicions<\/span><\/p>\n<p>Av\u00eds Legal<\/p>\n<p>Pol\u00edtica de privacitat<\/p>\n<p>Pol\u00edtica de cookies<\/p>\t\t\t\t\t\t\t\t<\/div>\n\t\t\t\t<\/div>\n\t\t\t\t\t<\/div>\n\t\t<\/div>\n\t\t\t\t<div class=\"elementor-column elementor-col-33 elementor-inner-column elementor-element elementor-element-6e181bd6\" data-id=\"6e181bd6\" data-element_type=\"column\">\n\t\t\t<div class=\"elementor-widget-wrap elementor-element-populated\">\n\t\t\t\t\t\t<div class=\"elementor-element elementor-element-42eebfc6 elementor-widget elementor-widget-text-editor\" data-id=\"42eebfc6\" data-element_type=\"widget\" data-widget_type=\"text-editor.default\">\n\t\t\t\t<div class=\"elementor-widget-container\">\n\t\t\t\t\t\t\t\t\t<p><strong>Associaci\u00f3 Auxilia Valencia<\/strong><\/p>\n<p>C. de la Pilota Valenciana, 2, 46018 Valencia<\/p>\n<p>Tel. <a href=\"tel:+34963824449\" data-dtype=\"d3ph\" data-local-attribute=\"d3ph\" data-ved=\"2ahUKEwjLnLzHsrL7AhWPYMAKHRjrBIsQkAgoAHoECDEQAw\"><span aria-label=\"Llamar al n\u00famero de tel\u00e9fono 963 82 44 49\">963 82 44 49<\/span><\/a><\/p>\n<p><a href=\"mailto:valencia@auxilia.es\">valencia@auxilia.es<\/a><\/p>\t\t\t\t\t\t\t\t<\/div>\n\t\t\t\t<\/div>\n\t\t\t\t\t<\/div>\n\t\t<\/div>\n\t\t\t\t<div class=\"elementor-column elementor-col-33 elementor-inner-column elementor-element elementor-element-24aaad4e\" data-id=\"24aaad4e\" data-element_type=\"column\">\n\t\t\t<div class=\"elementor-widget-wrap elementor-element-populated\">\n\t\t\t\t\t\t<div class=\"elementor-element elementor-element-41bd036 elementor-widget elementor-widget-text-editor\" data-id=\"41bd036\" data-element_type=\"widget\" data-widget_type=\"text-editor.default\">\n\t\t\t\t<div class=\"elementor-widget-container\">\n\t\t\t\t\t\t\t\t\t<p><strong>Xarxes socials<\/strong><\/p>\t\t\t\t\t\t\t\t<\/div>\n\t\t\t\t<\/div>\n\t\t\t\t<div class=\"elementor-element elementor-element-2aa87c09 elementor-shape-circle e-grid-align-left elementor-grid-0 elementor-widget elementor-widget-social-icons\" data-id=\"2aa87c09\" data-element_type=\"widget\" data-widget_type=\"social-icons.default\">\n\t\t\t\t<div class=\"elementor-widget-container\">\n\t\t\t\t\t\t\t<div class=\"elementor-social-icons-wrapper elementor-grid\" role=\"list\">\n\t\t\t\t\t\t\t<span class=\"elementor-grid-item\" role=\"listitem\">\n\t\t\t\t\t<a class=\"elementor-icon elementor-social-icon elementor-social-icon-facebook elementor-repeater-item-83134c3\" href=\"https:\/\/www.facebook.com\/auxilia.valencia\" target=\"_blank\">\n\t\t\t\t\t\t<span class=\"elementor-screen-only\">Facebook<\/span>\n\t\t\t\t\t\t<i aria-hidden=\"true\" class=\"fab fa-facebook\"><\/i>\t\t\t\t\t<\/a>\n\t\t\t\t<\/span>\n\t\t\t\t\t\t\t<span class=\"elementor-grid-item\" role=\"listitem\">\n\t\t\t\t\t<a class=\"elementor-icon elementor-social-icon elementor-social-icon-instagram elementor-repeater-item-6ff4bbc\" href=\"https:\/\/www.instagram.com\/auxilia.valencia\/\" target=\"_blank\">\n\t\t\t\t\t\t<span class=\"elementor-screen-only\">Instagram<\/span>\n\t\t\t\t\t\t<i aria-hidden=\"true\" class=\"fab fa-instagram\"><\/i>\t\t\t\t\t<\/a>\n\t\t\t\t<\/span>\n\t\t\t\t\t<\/div>\n\t\t\t\t\t\t<\/div>\n\t\t\t\t<\/div>\n\t\t\t\t\t<\/div>\n\t\t<\/div>\n\t\t\t\t\t<\/div>\n\t\t<\/section>\n\t\t\t\t\t<\/div>\n\t\t<\/div>\n\t\t\t\t\t<\/div>\n\t\t<\/section>\n\t\t\t\t<section class=\"elementor-section elementor-top-section elementor-element elementor-element-25f5cca1 elementor-section-boxed elementor-section-height-default elementor-section-height-default\" data-id=\"25f5cca1\" data-element_type=\"section\">\n\t\t\t\t\t\t<div class=\"elementor-container elementor-column-gap-default\">\n\t\t\t\t\t<div class=\"elementor-column elementor-col-100 elementor-top-column elementor-element elementor-element-2d82110d\" data-id=\"2d82110d\" data-element_type=\"column\">\n\t\t\t<div class=\"elementor-widget-wrap elementor-element-populated\">\n\t\t\t\t\t\t<div class=\"elementor-element elementor-element-58393fad elementor-widget elementor-widget-text-editor\" data-id=\"58393fad\" data-element_type=\"widget\" data-widget_type=\"text-editor.default\">\n\t\t\t\t<div class=\"elementor-widget-container\">\n\t\t\t\t\t\t\t\t\t<p>\u00a9 Copyright 2022\u00a0 Auxilia Valencia | Todos los derechos reservados\u00a0\u00a0<a style=\"vertical-align:middle\" \"line-height:0;\" title=\"Programaci\u00f3n web en Valencia - Oroneta Audiovisuals\" href=\"https:\/\/oronetaaudiovisuals.com\/marketing-online\/diseno-web-en-valencia\/\" rel=\"nofollow\"><img decoding=\"async\" title=\"dise\u00f1o web en Valencia - Oroneta Audiovisuals\" src=\"https:\/\/auxiliavalencia.es\/wp-content\/uploads\/2022\/11\/oroneta-logotipo.png\" width=\"30\" height=\"30\" \/><\/a><\/p>\t\t\t\t\t\t\t\t<\/div>\n\t\t\t\t<\/div>\n\t\t\t\t\t<\/div>\n\t\t<\/div>\n\t\t\t\t\t<\/div>\n\t\t<\/section>\n\t\t\t\t<\/div>","protected":false},"excerpt":{"rendered":"<p>Realidad afectivo sexual de las personas con diversidad funcional Auxilia Valencia \/\u00a0Foros Abrazos, besos, roce de piel con piel, cari\u00f1o, ternura, amor, placer, sexo&#8230;\u00a0 \u00bfQui\u00e9n no desea vivir todas estas experiencias? \u00a0 Durante a\u00f1os las personas con diversidad funcional no han tenido voz ni\u00a0voto en un tema tan importante como este. Pero hoy en d\u00eda&#8230;<\/p>","protected":false},"author":1,"featured_media":430,"comment_status":"open","ping_status":"open","sticky":false,"template":"elementor_header_footer","format":"standard","meta":{"footnotes":""},"categories":[5,8],"tags":[],"class_list":["post-221","post","type-post","status-publish","format-standard","has-post-thumbnail","hentry","category-foro","category-realidad-afectivo-sexual-de-las-personas-con-diversidad-funcional"],"_links":{"self":[{"href":"https:\/\/auxiliavalencia.es\/va\/wp-json\/wp\/v2\/posts\/221","targetHints":{"allow":["GET"]}}],"collection":[{"href":"https:\/\/auxiliavalencia.es\/va\/wp-json\/wp\/v2\/posts"}],"about":[{"href":"https:\/\/auxiliavalencia.es\/va\/wp-json\/wp\/v2\/types\/post"}],"author":[{"embeddable":true,"href":"https:\/\/auxiliavalencia.es\/va\/wp-json\/wp\/v2\/users\/1"}],"replies":[{"embeddable":true,"href":"https:\/\/auxiliavalencia.es\/va\/wp-json\/wp\/v2\/comments?post=221"}],"version-history":[{"count":24,"href":"https:\/\/auxiliavalencia.es\/va\/wp-json\/wp\/v2\/posts\/221\/revisions"}],"predecessor-version":[{"id":1249,"href":"https:\/\/auxiliavalencia.es\/va\/wp-json\/wp\/v2\/posts\/221\/revisions\/1249"}],"wp:featuredmedia":[{"embeddable":true,"href":"https:\/\/auxiliavalencia.es\/va\/wp-json\/wp\/v2\/media\/430"}],"wp:attachment":[{"href":"https:\/\/auxiliavalencia.es\/va\/wp-json\/wp\/v2\/media?parent=221"}],"wp:term":[{"taxonomy":"category","embeddable":true,"href":"https:\/\/auxiliavalencia.es\/va\/wp-json\/wp\/v2\/categories?post=221"},{"taxonomy":"post_tag","embeddable":true,"href":"https:\/\/auxiliavalencia.es\/va\/wp-json\/wp\/v2\/tags?post=221"}],"curies":[{"name":"wp","href":"https:\/\/api.w.org\/{rel}","templated":true}]}}