{"id":222,"date":"2020-10-29T16:37:20","date_gmt":"2020-10-29T16:37:20","guid":{"rendered":"https:\/\/dev.auxiliavalencia.es\/?p=222"},"modified":"2022-11-24T12:25:19","modified_gmt":"2022-11-24T12:25:19","slug":"mujer-y-diversidad-funcional","status":"publish","type":"post","link":"https:\/\/auxiliavalencia.es\/va\/mujer-y-diversidad-funcional","title":{"rendered":"Dona i diversitat funcional"},"content":{"rendered":"<div data-elementor-type=\"wp-post\" data-elementor-id=\"222\" class=\"elementor elementor-222\" data-elementor-post-type=\"post\">\n\t\t\t\t\t\t<section class=\"elementor-section elementor-top-section elementor-element elementor-element-577daf8c elementor-section-boxed elementor-section-height-default elementor-section-height-default\" data-id=\"577daf8c\" data-element_type=\"section\" data-settings=\"{&quot;background_background&quot;:&quot;classic&quot;}\">\n\t\t\t\t\t\t<div class=\"elementor-container elementor-column-gap-default\">\n\t\t\t\t\t<div class=\"elementor-column elementor-col-100 elementor-top-column elementor-element elementor-element-6024c24f\" data-id=\"6024c24f\" data-element_type=\"column\">\n\t\t\t<div class=\"elementor-widget-wrap elementor-element-populated\">\n\t\t\t\t\t\t<section class=\"elementor-section elementor-inner-section elementor-element elementor-element-27b8ab4b elementor-section-boxed elementor-section-height-default elementor-section-height-default\" data-id=\"27b8ab4b\" data-element_type=\"section\">\n\t\t\t\t\t\t<div class=\"elementor-container elementor-column-gap-default\">\n\t\t\t\t\t<div class=\"elementor-column elementor-col-33 elementor-inner-column elementor-element elementor-element-132cd666\" data-id=\"132cd666\" data-element_type=\"column\">\n\t\t\t<div class=\"elementor-widget-wrap\">\n\t\t\t\t\t\t\t<\/div>\n\t\t<\/div>\n\t\t\t\t<div class=\"elementor-column elementor-col-33 elementor-inner-column elementor-element elementor-element-5fb5e573\" data-id=\"5fb5e573\" data-element_type=\"column\">\n\t\t\t<div class=\"elementor-widget-wrap elementor-element-populated\">\n\t\t\t\t\t\t<div class=\"elementor-element elementor-element-64478da0 elementor-widget elementor-widget-text-editor\" data-id=\"64478da0\" data-element_type=\"widget\" data-widget_type=\"text-editor.default\">\n\t\t\t\t<div class=\"elementor-widget-container\">\n\t\t\t\t\t\t\t\t\t<p>Dona i diversitat funcional<\/p>\t\t\t\t\t\t\t\t<\/div>\n\t\t\t\t<\/div>\n\t\t\t\t\t<\/div>\n\t\t<\/div>\n\t\t\t\t<div class=\"elementor-column elementor-col-33 elementor-inner-column elementor-element elementor-element-6da5b425\" data-id=\"6da5b425\" data-element_type=\"column\">\n\t\t\t<div class=\"elementor-widget-wrap\">\n\t\t\t\t\t\t\t<\/div>\n\t\t<\/div>\n\t\t\t\t\t<\/div>\n\t\t<\/section>\n\t\t\t\t<section class=\"elementor-section elementor-inner-section elementor-element elementor-element-6e372149 elementor-section-boxed elementor-section-height-default elementor-section-height-default\" data-id=\"6e372149\" data-element_type=\"section\">\n\t\t\t\t\t\t<div class=\"elementor-container elementor-column-gap-default\">\n\t\t\t\t\t<div class=\"elementor-column elementor-col-33 elementor-inner-column elementor-element elementor-element-13dcd2e3\" data-id=\"13dcd2e3\" data-element_type=\"column\">\n\t\t\t<div class=\"elementor-widget-wrap\">\n\t\t\t\t\t\t\t<\/div>\n\t\t<\/div>\n\t\t\t\t<div class=\"elementor-column elementor-col-33 elementor-inner-column elementor-element elementor-element-18f50b0d\" data-id=\"18f50b0d\" data-element_type=\"column\">\n\t\t\t<div class=\"elementor-widget-wrap elementor-element-populated\">\n\t\t\t\t\t\t<div class=\"elementor-element elementor-element-30164e5a elementor-widget elementor-widget-text-editor\" data-id=\"30164e5a\" data-element_type=\"widget\" data-widget_type=\"text-editor.default\">\n\t\t\t\t<div class=\"elementor-widget-container\">\n\t\t\t\t\t\t\t\t\t<p><a href=\"https:\/\/auxiliavalencia.es\/va\/\">Auxilia Valencia<\/a> \/\u00a0<a href=\"https:\/\/auxiliavalencia.es\/va\/foros\/\">F\u00f2rums<\/a><\/p>\t\t\t\t\t\t\t\t<\/div>\n\t\t\t\t<\/div>\n\t\t\t\t\t<\/div>\n\t\t<\/div>\n\t\t\t\t<div class=\"elementor-column elementor-col-33 elementor-inner-column elementor-element elementor-element-82f9743\" data-id=\"82f9743\" data-element_type=\"column\">\n\t\t\t<div class=\"elementor-widget-wrap\">\n\t\t\t\t\t\t\t<\/div>\n\t\t<\/div>\n\t\t\t\t\t<\/div>\n\t\t<\/section>\n\t\t\t\t\t<\/div>\n\t\t<\/div>\n\t\t\t\t\t<\/div>\n\t\t<\/section>\n\t\t\t\t<section class=\"elementor-section elementor-top-section elementor-element elementor-element-351fb6cb elementor-section-boxed elementor-section-height-default elementor-section-height-default\" data-id=\"351fb6cb\" data-element_type=\"section\">\n\t\t\t\t\t\t<div class=\"elementor-container elementor-column-gap-wide\">\n\t\t\t\t\t<div class=\"elementor-column elementor-col-50 elementor-top-column elementor-element elementor-element-235d18f\" data-id=\"235d18f\" data-element_type=\"column\">\n\t\t\t<div class=\"elementor-widget-wrap elementor-element-populated\">\n\t\t\t\t\t\t<div class=\"elementor-element elementor-element-3560a3bd elementor-widget elementor-widget-text-editor\" data-id=\"3560a3bd\" data-element_type=\"widget\" data-widget_type=\"text-editor.default\">\n\t\t\t\t<div class=\"elementor-widget-container\">\n\t\t\t\t\t\t\t\t\t<p><\/p>\n<p>A una gran part de les dones ens agradaria tindre una vida plena, no dependre de\nning\u00fa, tindre un treball, una fam\u00edlia i aconseguir la felicitat. Per a les dones amb diversitat funcional no hauria de ser un somni impossible d'aconseguir.<\/p>\n<p><\/p>\n<p><\/p>\n<p>El canvi cap a la vida independent \u00e9s un element complex per a totes les persones que ens ajuda a evolucionar i prosperar com a \u00e9ssers humans.<\/p>\n<p><span style=\"color: var(--vamtam-widget-text-lighter); letter-spacing: var(--vamtam-primary-font-letter-spacing-desktop,normal); text-transform: var(--vamtam-primary-font-transform,none);\">En el cas de les dones joves amb diversitat funcional t\u00e9 una major rellev\u00e0ncia, no tant per les seues limitacions com per les barreres que troben en aquesta etapa.<\/span><\/p>\n<p><\/p>\n<p><\/p>\n<p>En molts casos \u00e9s necessari fomentar l'autodeterminaci\u00f3 i desenvolupar programes d'autonomia personal i vida independent perqu\u00e8 les dones amb diversitat puguen gestionar les seues pr\u00f2pies vides i fer front als tab\u00fas que se'ls imposa des del seu naixement, com per exemple, la negaci\u00f3 del dret a la maternitat o a gaudir d'una vida sexual sana i lliure.<\/p>\n<p>Buscar una vida independent \u00e9s, per tant, una aventura que no sempre acaba de la forma desitjada.<\/p>\n<p><\/p>\t\t\t\t\t\t\t\t<\/div>\n\t\t\t\t<\/div>\n\t\t\t\t\t<\/div>\n\t\t<\/div>\n\t\t\t\t<div class=\"elementor-column elementor-col-50 elementor-top-column elementor-element elementor-element-0a1f019\" data-id=\"0a1f019\" data-element_type=\"column\">\n\t\t\t<div class=\"elementor-widget-wrap elementor-element-populated\">\n\t\t\t\t\t\t<div class=\"elementor-element elementor-element-db8ee96 elementor-widget elementor-widget-text-editor\" data-id=\"db8ee96\" data-element_type=\"widget\" data-widget_type=\"text-editor.default\">\n\t\t\t\t<div class=\"elementor-widget-container\">\n\t\t\t\t\t\t\t\t\t<p>Parlem de dones amb necessitats espec\u00edfiques i que necessiten de suports, per\u00f2 sobretot d'uns recursos que desgraciadament o s\u00f3n escassos o no arriben mai. Parlem de barreres socials per\u00f2, sobretot, de barreres mentals.\u00a0<\/p>\t\t\t\t\t\t\t\t<\/div>\n\t\t\t\t<\/div>\n\t\t\t\t<div class=\"elementor-element elementor-element-a1f9093 elementor-widget elementor-widget-image\" data-id=\"a1f9093\" data-element_type=\"widget\" data-widget_type=\"image.default\">\n\t\t\t\t<div class=\"elementor-widget-container\">\n\t\t\t\t\t\t\t\t\t\t\t\t\t\t\t<img fetchpriority=\"high\" decoding=\"async\" width=\"1024\" height=\"768\" src=\"https:\/\/auxiliavalencia.es\/wp-content\/uploads\/2020\/10\/foro-2-1024x768.jpg\" class=\"attachment-large size-large wp-image-432\" alt=\"\" srcset=\"https:\/\/auxiliavalencia.es\/wp-content\/uploads\/2020\/10\/foro-2-1024x768.jpg 1024w, https:\/\/auxiliavalencia.es\/wp-content\/uploads\/2020\/10\/foro-2-300x225.jpg 300w, https:\/\/auxiliavalencia.es\/wp-content\/uploads\/2020\/10\/foro-2-768x576.jpg 768w, https:\/\/auxiliavalencia.es\/wp-content\/uploads\/2020\/10\/foro-2-1536x1152.jpg 1536w, https:\/\/auxiliavalencia.es\/wp-content\/uploads\/2020\/10\/foro-2.jpg 1920w\" sizes=\"(max-width: 1024px) 100vw, 1024px\" \/>\t\t\t\t\t\t\t\t\t\t\t\t\t\t\t<\/div>\n\t\t\t\t<\/div>\n\t\t\t\t<div class=\"elementor-element elementor-element-6f648fe elementor-widget elementor-widget-text-editor\" data-id=\"6f648fe\" data-element_type=\"widget\" data-widget_type=\"text-editor.default\">\n\t\t\t\t<div class=\"elementor-widget-container\">\n\t\t\t\t\t\t\t\t\t<p>Escrit per: Mar\u00eda Rosario Ruiz Luque (volunt\u00e0ria de AUXILIA)<\/p>\t\t\t\t\t\t\t\t<\/div>\n\t\t\t\t<\/div>\n\t\t\t\t\t<\/div>\n\t\t<\/div>\n\t\t\t\t\t<\/div>\n\t\t<\/section>\n\t\t\t\t<section class=\"elementor-section elementor-top-section elementor-element elementor-element-b49ca43 elementor-section-boxed elementor-section-height-default elementor-section-height-default\" data-id=\"b49ca43\" data-element_type=\"section\">\n\t\t\t\t\t\t<div class=\"elementor-container elementor-column-gap-default\">\n\t\t\t\t\t<div class=\"elementor-column elementor-col-100 elementor-top-column elementor-element elementor-element-9cccc64\" data-id=\"9cccc64\" data-element_type=\"column\">\n\t\t\t<div class=\"elementor-widget-wrap\">\n\t\t\t\t\t\t\t<\/div>\n\t\t<\/div>\n\t\t\t\t\t<\/div>\n\t\t<\/section>\n\t\t\t\t<section class=\"elementor-section elementor-top-section elementor-element elementor-element-6391524 elementor-section-boxed elementor-section-height-default elementor-section-height-default\" data-id=\"6391524\" data-element_type=\"section\" data-settings=\"{&quot;background_background&quot;:&quot;classic&quot;}\">\n\t\t\t\t\t\t<div class=\"elementor-container elementor-column-gap-default\">\n\t\t\t\t\t<div class=\"elementor-column elementor-col-100 elementor-top-column elementor-element elementor-element-33ecdfd8\" data-id=\"33ecdfd8\" data-element_type=\"column\">\n\t\t\t<div class=\"elementor-widget-wrap elementor-element-populated\">\n\t\t\t\t\t\t<section class=\"elementor-section elementor-inner-section elementor-element elementor-element-2db2f53e elementor-section-boxed elementor-section-height-default elementor-section-height-default\" data-id=\"2db2f53e\" data-element_type=\"section\">\n\t\t\t\t\t\t<div class=\"elementor-container elementor-column-gap-default\">\n\t\t\t\t\t<div class=\"elementor-column elementor-col-33 elementor-inner-column elementor-element elementor-element-10fb19a1\" data-id=\"10fb19a1\" data-element_type=\"column\">\n\t\t\t<div class=\"elementor-widget-wrap elementor-element-populated\">\n\t\t\t\t\t\t<div class=\"elementor-element elementor-element-7c183a92 elementor-widget elementor-widget-text-editor\" data-id=\"7c183a92\" data-element_type=\"widget\" data-widget_type=\"text-editor.default\">\n\t\t\t\t<div class=\"elementor-widget-container\">\n\t\t\t\t\t\t\t\t\t<p><span style=\"font-family: Poppins; font-size: 16px; font-style: normal; font-variant-ligatures: normal; font-variant-caps: normal; font-weight: bold; background-color: var( --e-global-color-vamtam_accent_1 ); letter-spacing: var(--vamtam-primary-font-letter-spacing-desktop,normal); text-transform: var(--vamtam-primary-font-transform,none);\">Termes i condicions<\/span><\/p>\n<p>Av\u00eds Legal<\/p>\n<p>Pol\u00edtica de privacitat<\/p>\n<p>Pol\u00edtica de cookies<\/p>\t\t\t\t\t\t\t\t<\/div>\n\t\t\t\t<\/div>\n\t\t\t\t\t<\/div>\n\t\t<\/div>\n\t\t\t\t<div class=\"elementor-column elementor-col-33 elementor-inner-column elementor-element elementor-element-227594d8\" data-id=\"227594d8\" data-element_type=\"column\">\n\t\t\t<div class=\"elementor-widget-wrap elementor-element-populated\">\n\t\t\t\t\t\t<div class=\"elementor-element elementor-element-7ed1462b elementor-widget elementor-widget-text-editor\" data-id=\"7ed1462b\" data-element_type=\"widget\" data-widget_type=\"text-editor.default\">\n\t\t\t\t<div class=\"elementor-widget-container\">\n\t\t\t\t\t\t\t\t\t<p><strong>Associaci\u00f3 Auxilia Valencia<\/strong><\/p>\n<p>C. de la Pilota Valenciana, 2, 46018 Valencia<\/p>\n<p>Tel. <a href=\"tel:+34963824449\" data-dtype=\"d3ph\" data-local-attribute=\"d3ph\" data-ved=\"2ahUKEwjLnLzHsrL7AhWPYMAKHRjrBIsQkAgoAHoECDEQAw\"><span aria-label=\"Llamar al n\u00famero de tel\u00e9fono 963 82 44 49\">963 82 44 49<\/span><\/a><\/p>\n<p>valencia@auxilia.es<\/p>\t\t\t\t\t\t\t\t<\/div>\n\t\t\t\t<\/div>\n\t\t\t\t\t<\/div>\n\t\t<\/div>\n\t\t\t\t<div class=\"elementor-column elementor-col-33 elementor-inner-column elementor-element elementor-element-4774a77f\" data-id=\"4774a77f\" data-element_type=\"column\">\n\t\t\t<div class=\"elementor-widget-wrap elementor-element-populated\">\n\t\t\t\t\t\t<div class=\"elementor-element elementor-element-1bf3c674 elementor-widget elementor-widget-text-editor\" data-id=\"1bf3c674\" data-element_type=\"widget\" data-widget_type=\"text-editor.default\">\n\t\t\t\t<div class=\"elementor-widget-container\">\n\t\t\t\t\t\t\t\t\t<p><strong>Xarxes socials<\/strong><\/p>\t\t\t\t\t\t\t\t<\/div>\n\t\t\t\t<\/div>\n\t\t\t\t<div class=\"elementor-element elementor-element-43e389c0 elementor-shape-circle e-grid-align-left elementor-grid-0 elementor-widget elementor-widget-social-icons\" data-id=\"43e389c0\" data-element_type=\"widget\" data-widget_type=\"social-icons.default\">\n\t\t\t\t<div class=\"elementor-widget-container\">\n\t\t\t\t\t\t\t<div class=\"elementor-social-icons-wrapper elementor-grid\" role=\"list\">\n\t\t\t\t\t\t\t<span class=\"elementor-grid-item\" role=\"listitem\">\n\t\t\t\t\t<a class=\"elementor-icon elementor-social-icon elementor-social-icon-facebook elementor-repeater-item-83134c3\" href=\"https:\/\/www.facebook.com\/auxilia.valencia\" target=\"_blank\">\n\t\t\t\t\t\t<span class=\"elementor-screen-only\">Facebook<\/span>\n\t\t\t\t\t\t<i aria-hidden=\"true\" class=\"fab fa-facebook\"><\/i>\t\t\t\t\t<\/a>\n\t\t\t\t<\/span>\n\t\t\t\t\t\t\t<span class=\"elementor-grid-item\" role=\"listitem\">\n\t\t\t\t\t<a class=\"elementor-icon elementor-social-icon elementor-social-icon-instagram elementor-repeater-item-6ff4bbc\" href=\"https:\/\/www.instagram.com\/auxilia.valencia\/\" target=\"_blank\">\n\t\t\t\t\t\t<span class=\"elementor-screen-only\">Instagram<\/span>\n\t\t\t\t\t\t<i aria-hidden=\"true\" class=\"fab fa-instagram\"><\/i>\t\t\t\t\t<\/a>\n\t\t\t\t<\/span>\n\t\t\t\t\t<\/div>\n\t\t\t\t\t\t<\/div>\n\t\t\t\t<\/div>\n\t\t\t\t\t<\/div>\n\t\t<\/div>\n\t\t\t\t\t<\/div>\n\t\t<\/section>\n\t\t\t\t\t<\/div>\n\t\t<\/div>\n\t\t\t\t\t<\/div>\n\t\t<\/section>\n\t\t\t\t<section class=\"elementor-section elementor-top-section elementor-element elementor-element-5dbae73d elementor-section-boxed elementor-section-height-default elementor-section-height-default\" data-id=\"5dbae73d\" data-element_type=\"section\">\n\t\t\t\t\t\t<div class=\"elementor-container elementor-column-gap-default\">\n\t\t\t\t\t<div class=\"elementor-column elementor-col-100 elementor-top-column elementor-element elementor-element-49836be9\" data-id=\"49836be9\" data-element_type=\"column\">\n\t\t\t<div class=\"elementor-widget-wrap elementor-element-populated\">\n\t\t\t\t\t\t<div class=\"elementor-element elementor-element-384b356c elementor-widget elementor-widget-text-editor\" data-id=\"384b356c\" data-element_type=\"widget\" data-widget_type=\"text-editor.default\">\n\t\t\t\t<div class=\"elementor-widget-container\">\n\t\t\t\t\t\t\t\t\t<p>\u00a9 Copyright 2022\u00a0 Auxilia Valencia | Todos los derechos reservados\u00a0\u00a0<a style=\"vertical-align:middle\" \"line-height:0;\" title=\"Programaci\u00f3n web en Valencia - Oroneta Audiovisuals\" href=\"https:\/\/oronetaaudiovisuals.com\/marketing-online\/diseno-web-en-valencia\/\" rel=\"nofollow\"><img decoding=\"async\" title=\"dise\u00f1o web en Valencia - Oroneta Audiovisuals\" src=\"https:\/\/auxiliavalencia.es\/wp-content\/uploads\/2022\/11\/oroneta-logotipo.png\" width=\"30\" height=\"30\" \/><\/a><\/p>\t\t\t\t\t\t\t\t<\/div>\n\t\t\t\t<\/div>\n\t\t\t\t\t<\/div>\n\t\t<\/div>\n\t\t\t\t\t<\/div>\n\t\t<\/section>\n\t\t\t\t<\/div>","protected":false},"excerpt":{"rendered":"<p>Mujer y diversidad funcional Auxilia Valencia \/\u00a0Foros A una gran parte de las mujeres nos gustar\u00eda tener una vida plena, no depender de nadie, tener un trabajo, una familia y alcanzar la felicidad. Para las mujeres con diversidad funcional no deber\u00eda ser un sue\u00f1o imposible de conseguir. El cambio hacia la vida independiente es un&#8230;<\/p>","protected":false},"author":1,"featured_media":432,"comment_status":"open","ping_status":"open","sticky":false,"template":"elementor_header_footer","format":"standard","meta":{"footnotes":""},"categories":[5,7,6],"tags":[],"class_list":["post-222","post","type-post","status-publish","format-standard","has-post-thumbnail","hentry","category-foro","category-mujer-y-diversidad-funcional","category-valencia-accesible"],"_links":{"self":[{"href":"https:\/\/auxiliavalencia.es\/va\/wp-json\/wp\/v2\/posts\/222","targetHints":{"allow":["GET"]}}],"collection":[{"href":"https:\/\/auxiliavalencia.es\/va\/wp-json\/wp\/v2\/posts"}],"about":[{"href":"https:\/\/auxiliavalencia.es\/va\/wp-json\/wp\/v2\/types\/post"}],"author":[{"embeddable":true,"href":"https:\/\/auxiliavalencia.es\/va\/wp-json\/wp\/v2\/users\/1"}],"replies":[{"embeddable":true,"href":"https:\/\/auxiliavalencia.es\/va\/wp-json\/wp\/v2\/comments?post=222"}],"version-history":[{"count":10,"href":"https:\/\/auxiliavalencia.es\/va\/wp-json\/wp\/v2\/posts\/222\/revisions"}],"predecessor-version":[{"id":1298,"href":"https:\/\/auxiliavalencia.es\/va\/wp-json\/wp\/v2\/posts\/222\/revisions\/1298"}],"wp:featuredmedia":[{"embeddable":true,"href":"https:\/\/auxiliavalencia.es\/va\/wp-json\/wp\/v2\/media\/432"}],"wp:attachment":[{"href":"https:\/\/auxiliavalencia.es\/va\/wp-json\/wp\/v2\/media?parent=222"}],"wp:term":[{"taxonomy":"category","embeddable":true,"href":"https:\/\/auxiliavalencia.es\/va\/wp-json\/wp\/v2\/categories?post=222"},{"taxonomy":"post_tag","embeddable":true,"href":"https:\/\/auxiliavalencia.es\/va\/wp-json\/wp\/v2\/tags?post=222"}],"curies":[{"name":"wp","href":"https:\/\/api.w.org\/{rel}","templated":true}]}}